{"id":5887,"date":"2019-05-29T21:40:11","date_gmt":"2019-05-29T19:40:11","guid":{"rendered":"https:\/\/minguella.com\/?p=5887"},"modified":"2021-03-17T10:13:53","modified_gmt":"2021-03-17T09:13:53","slug":"lempresa-grues-minguella-rep-la-primera-ltm-1450-de-liebherr-a-espanya","status":"publish","type":"post","link":"https:\/\/minguella.com\/ca\/lempresa-grues-minguella-rep-la-primera-ltm-1450-de-liebherr-a-espanya\/","title":{"rendered":"L&#8217;empresa Grues Minguella rep la primera LTM 1450 de Liebherr a Espanya."},"content":{"rendered":"<p><strong>Una ploma de 85 metres, una la mobilitat econ\u00f2mica global, el seu r\u00e0pid muntatge a l&#8217;obra, s\u00f3n algunes de les principals caracter\u00edstiques que fan de la LTM 1450 de Liebherr un concepte \u00fanic.<\/strong><\/p>\n<p><a href=\"https:\/\/movicarga.com\/noticias\/mayo-2019\/5988-gruas-minguella-recibe-la-primera-ltm-1450-8-1-de-liebherr-en-espana\" target=\"_blank\" rel=\"noopener\"><img loading=\"lazy\" decoding=\"async\" class=\"alignnone wp-image-5888\" src=\"https:\/\/minguella.com\/wp-content\/uploads\/2019\/05\/LTM1450-1024x768.jpg\" alt=\"\" width=\"800\" height=\"600\" srcset=\"https:\/\/minguella.com\/wp-content\/uploads\/2019\/05\/LTM1450-1024x768.jpg 1024w, https:\/\/minguella.com\/wp-content\/uploads\/2019\/05\/LTM1450-300x225.jpg 300w, https:\/\/minguella.com\/wp-content\/uploads\/2019\/05\/LTM1450-768x576.jpg 768w\" sizes=\"(max-width: 800px) 100vw, 800px\" \/><\/a><\/p>\n<p>La LTM 1450 es caracteritza per tenir una ploma telesc\u00f2pica molt llarg de 85 metres molt potent. Aquest vehicle de 8 eixos de Liebherr es caracteritza per tenir una mobilitat econ\u00f2mica global i est\u00e0 equipada per un muntatge r\u00e0pid i f\u00e0cil a l\u2019obra. Aquesta LTM 1450 circula en vies p\u00fabliques amb una c\u00e0rrega de 12 tones per eix amb tota la ploma telesc\u00f2pica, amb tots els suports i un cabestrant d&#8217;elevaci\u00f3 complet. D&#8217;aquesta manera, aquesta grua est\u00e0 preparada per una r\u00e0pida actuaci\u00f3 i funcionalitat a l&#8217;obra.<\/p>\n<p>(clica a la imagen para veure la noticia a Movicarga).<\/p>\n","protected":false},"excerpt":{"rendered":"<p>Una ploma de 85 metres, una la mobilitat econ\u00f2mica global, el seu r\u00e0pid muntatge a l&#8217;obra, s\u00f3n algunes de les principals caracter\u00edstiques que fan de la LTM 1450 de Liebherr&#8230;<\/p>\n","protected":false},"author":3,"featured_media":8386,"comment_status":"closed","ping_status":"closed","sticky":false,"template":"","format":"standard","meta":{"_monsterinsights_skip_tracking":false,"_monsterinsights_sitenote_active":false,"_monsterinsights_sitenote_note":"","_monsterinsights_sitenote_category":0,"footnotes":""},"categories":[1],"tags":[],"yoast_head":"<!-- This site is optimized with the Yoast SEO plugin v22.7 - https:\/\/yoast.com\/wordpress\/plugins\/seo\/ -->\n<title>L&#039;empresa Grues Minguella rep la primera LTM 1450 de Liebherr a Espanya. - Grues Minguella<\/title>\n<meta name=\"robots\" content=\"index, follow, max-snippet:-1, max-image-preview:large, max-video-preview:-1\" \/>\n<link rel=\"canonical\" href=\"https:\/\/minguella.com\/ca\/lempresa-grues-minguella-rep-la-primera-ltm-1450-de-liebherr-a-espanya\/\" \/>\n<meta property=\"og:locale\" content=\"ca_ES\" \/>\n<meta property=\"og:type\" content=\"article\" \/>\n<meta property=\"og:title\" content=\"L&#039;empresa Grues Minguella rep la primera LTM 1450 de Liebherr a Espanya. - Grues Minguella\" \/>\n<meta property=\"og:description\" content=\"Una ploma de 85 metres, una la mobilitat econ\u00f2mica global, el seu r\u00e0pid muntatge a l&#8217;obra, s\u00f3n algunes de les principals caracter\u00edstiques que fan de la LTM 1450 de Liebherr...\" \/>\n<meta property=\"og:url\" content=\"https:\/\/minguella.com\/ca\/lempresa-grues-minguella-rep-la-primera-ltm-1450-de-liebherr-a-espanya\/\" \/>\n<meta property=\"og:site_name\" content=\"Grues Minguella\" \/>\n<meta property=\"article:publisher\" content=\"https:\/\/www.facebook.com\/gruasminguella\" \/>\n<meta property=\"article:published_time\" content=\"2019-05-29T19:40:11+00:00\" \/>\n<meta property=\"article:modified_time\" content=\"2021-03-17T09:13:53+00:00\" \/>\n<meta property=\"og:image\" content=\"https:\/\/minguella.com\/wp-content\/uploads\/2019\/05\/LTM1450-1024x768-2.jpg\" \/>\n\t<meta property=\"og:image:width\" content=\"1024\" \/>\n\t<meta property=\"og:image:height\" content=\"768\" \/>\n\t<meta property=\"og:image:type\" content=\"image\/jpeg\" \/>\n<meta name=\"author\" content=\"Grues Minguella\" \/>\n<meta name=\"twitter:card\" content=\"summary_large_image\" \/>\n<meta name=\"twitter:creator\" content=\"@gruasminguella\" \/>\n<meta name=\"twitter:site\" content=\"@gruasminguella\" \/>\n<meta name=\"twitter:label1\" content=\"Escrit per\" \/>\n\t<meta name=\"twitter:data1\" content=\"Grues Minguella\" \/>\n\t<meta name=\"twitter:label2\" content=\"Temps estimat de lectura\" \/>\n\t<meta name=\"twitter:data2\" content=\"1 minut\" \/>\n<script type=\"application\/ld+json\" class=\"yoast-schema-graph\">{\"@context\":\"https:\/\/schema.org\",\"@graph\":[{\"@type\":\"WebPage\",\"@id\":\"https:\/\/minguella.com\/ca\/lempresa-grues-minguella-rep-la-primera-ltm-1450-de-liebherr-a-espanya\/\",\"url\":\"https:\/\/minguella.com\/ca\/lempresa-grues-minguella-rep-la-primera-ltm-1450-de-liebherr-a-espanya\/\",\"name\":\"L'empresa Grues Minguella rep la primera LTM 1450 de Liebherr a Espanya. - Grues Minguella\",\"isPartOf\":{\"@id\":\"https:\/\/minguella.com\/ca\/#website\"},\"primaryImageOfPage\":{\"@id\":\"https:\/\/minguella.com\/ca\/lempresa-grues-minguella-rep-la-primera-ltm-1450-de-liebherr-a-espanya\/#primaryimage\"},\"image\":{\"@id\":\"https:\/\/minguella.com\/ca\/lempresa-grues-minguella-rep-la-primera-ltm-1450-de-liebherr-a-espanya\/#primaryimage\"},\"thumbnailUrl\":\"https:\/\/minguella.com\/wp-content\/uploads\/2019\/05\/LTM1450-1024x768-2.jpg\",\"datePublished\":\"2019-05-29T19:40:11+00:00\",\"dateModified\":\"2021-03-17T09:13:53+00:00\",\"author\":{\"@id\":\"https:\/\/minguella.com\/ca\/#\/schema\/person\/8975f239fa7ce4038c24796e85dfa60f\"},\"breadcrumb\":{\"@id\":\"https:\/\/minguella.com\/ca\/lempresa-grues-minguella-rep-la-primera-ltm-1450-de-liebherr-a-espanya\/#breadcrumb\"},\"inLanguage\":\"ca\",\"potentialAction\":[{\"@type\":\"ReadAction\",\"target\":[\"https:\/\/minguella.com\/ca\/lempresa-grues-minguella-rep-la-primera-ltm-1450-de-liebherr-a-espanya\/\"]}]},{\"@type\":\"ImageObject\",\"inLanguage\":\"ca\",\"@id\":\"https:\/\/minguella.com\/ca\/lempresa-grues-minguella-rep-la-primera-ltm-1450-de-liebherr-a-espanya\/#primaryimage\",\"url\":\"https:\/\/minguella.com\/wp-content\/uploads\/2019\/05\/LTM1450-1024x768-2.jpg\",\"contentUrl\":\"https:\/\/minguella.com\/wp-content\/uploads\/2019\/05\/LTM1450-1024x768-2.jpg\",\"width\":1024,\"height\":768},{\"@type\":\"BreadcrumbList\",\"@id\":\"https:\/\/minguella.com\/ca\/lempresa-grues-minguella-rep-la-primera-ltm-1450-de-liebherr-a-espanya\/#breadcrumb\",\"itemListElement\":[{\"@type\":\"ListItem\",\"position\":1,\"name\":\"Inici\",\"item\":\"https:\/\/minguella.com\/ca\/\"},{\"@type\":\"ListItem\",\"position\":2,\"name\":\"L&#8217;empresa Grues Minguella rep la primera LTM 1450 de Liebherr a Espanya.\"}]},{\"@type\":\"WebSite\",\"@id\":\"https:\/\/minguella.com\/ca\/#website\",\"url\":\"https:\/\/minguella.com\/ca\/\",\"name\":\"Grues Minguella\",\"description\":\"Up your business\",\"potentialAction\":[{\"@type\":\"SearchAction\",\"target\":{\"@type\":\"EntryPoint\",\"urlTemplate\":\"https:\/\/minguella.com\/ca\/?s={search_term_string}\"},\"query-input\":\"required name=search_term_string\"}],\"inLanguage\":\"ca\"},{\"@type\":\"Person\",\"@id\":\"https:\/\/minguella.com\/ca\/#\/schema\/person\/8975f239fa7ce4038c24796e85dfa60f\",\"name\":\"Grues Minguella\",\"image\":{\"@type\":\"ImageObject\",\"inLanguage\":\"ca\",\"@id\":\"https:\/\/minguella.com\/ca\/#\/schema\/person\/image\/\",\"url\":\"https:\/\/secure.gravatar.com\/avatar\/184634e7312441797f50ddfdbd673131?s=96&d=mm&r=g\",\"contentUrl\":\"https:\/\/secure.gravatar.com\/avatar\/184634e7312441797f50ddfdbd673131?s=96&d=mm&r=g\",\"caption\":\"Grues Minguella\"},\"url\":\"https:\/\/minguella.com\/ca\/author\/minguella\/\"}]}<\/script>\n<!-- \/ Yoast SEO plugin. -->","yoast_head_json":{"title":"L'empresa Grues Minguella rep la primera LTM 1450 de Liebherr a Espanya. - Grues Minguella","robots":{"index":"index","follow":"follow","max-snippet":"max-snippet:-1","max-image-preview":"max-image-preview:large","max-video-preview":"max-video-preview:-1"},"canonical":"https:\/\/minguella.com\/ca\/lempresa-grues-minguella-rep-la-primera-ltm-1450-de-liebherr-a-espanya\/","og_locale":"ca_ES","og_type":"article","og_title":"L'empresa Grues Minguella rep la primera LTM 1450 de Liebherr a Espanya. - Grues Minguella","og_description":"Una ploma de 85 metres, una la mobilitat econ\u00f2mica global, el seu r\u00e0pid muntatge a l&#8217;obra, s\u00f3n algunes de les principals caracter\u00edstiques que fan de la LTM 1450 de Liebherr...","og_url":"https:\/\/minguella.com\/ca\/lempresa-grues-minguella-rep-la-primera-ltm-1450-de-liebherr-a-espanya\/","og_site_name":"Grues Minguella","article_publisher":"https:\/\/www.facebook.com\/gruasminguella","article_published_time":"2019-05-29T19:40:11+00:00","article_modified_time":"2021-03-17T09:13:53+00:00","og_image":[{"width":1024,"height":768,"url":"https:\/\/minguella.com\/wp-content\/uploads\/2019\/05\/LTM1450-1024x768-2.jpg","type":"image\/jpeg"}],"author":"Grues Minguella","twitter_card":"summary_large_image","twitter_creator":"@gruasminguella","twitter_site":"@gruasminguella","twitter_misc":{"Escrit per":"Grues Minguella","Temps estimat de lectura":"1 minut"},"schema":{"@context":"https:\/\/schema.org","@graph":[{"@type":"WebPage","@id":"https:\/\/minguella.com\/ca\/lempresa-grues-minguella-rep-la-primera-ltm-1450-de-liebherr-a-espanya\/","url":"https:\/\/minguella.com\/ca\/lempresa-grues-minguella-rep-la-primera-ltm-1450-de-liebherr-a-espanya\/","name":"L'empresa Grues Minguella rep la primera LTM 1450 de Liebherr a Espanya. - Grues Minguella","isPartOf":{"@id":"https:\/\/minguella.com\/ca\/#website"},"primaryImageOfPage":{"@id":"https:\/\/minguella.com\/ca\/lempresa-grues-minguella-rep-la-primera-ltm-1450-de-liebherr-a-espanya\/#primaryimage"},"image":{"@id":"https:\/\/minguella.com\/ca\/lempresa-grues-minguella-rep-la-primera-ltm-1450-de-liebherr-a-espanya\/#primaryimage"},"thumbnailUrl":"https:\/\/minguella.com\/wp-content\/uploads\/2019\/05\/LTM1450-1024x768-2.jpg","datePublished":"2019-05-29T19:40:11+00:00","dateModified":"2021-03-17T09:13:53+00:00","author":{"@id":"https:\/\/minguella.com\/ca\/#\/schema\/person\/8975f239fa7ce4038c24796e85dfa60f"},"breadcrumb":{"@id":"https:\/\/minguella.com\/ca\/lempresa-grues-minguella-rep-la-primera-ltm-1450-de-liebherr-a-espanya\/#breadcrumb"},"inLanguage":"ca","potentialAction":[{"@type":"ReadAction","target":["https:\/\/minguella.com\/ca\/lempresa-grues-minguella-rep-la-primera-ltm-1450-de-liebherr-a-espanya\/"]}]},{"@type":"ImageObject","inLanguage":"ca","@id":"https:\/\/minguella.com\/ca\/lempresa-grues-minguella-rep-la-primera-ltm-1450-de-liebherr-a-espanya\/#primaryimage","url":"https:\/\/minguella.com\/wp-content\/uploads\/2019\/05\/LTM1450-1024x768-2.jpg","contentUrl":"https:\/\/minguella.com\/wp-content\/uploads\/2019\/05\/LTM1450-1024x768-2.jpg","width":1024,"height":768},{"@type":"BreadcrumbList","@id":"https:\/\/minguella.com\/ca\/lempresa-grues-minguella-rep-la-primera-ltm-1450-de-liebherr-a-espanya\/#breadcrumb","itemListElement":[{"@type":"ListItem","position":1,"name":"Inici","item":"https:\/\/minguella.com\/ca\/"},{"@type":"ListItem","position":2,"name":"L&#8217;empresa Grues Minguella rep la primera LTM 1450 de Liebherr a Espanya."}]},{"@type":"WebSite","@id":"https:\/\/minguella.com\/ca\/#website","url":"https:\/\/minguella.com\/ca\/","name":"Grues Minguella","description":"Up your business","potentialAction":[{"@type":"SearchAction","target":{"@type":"EntryPoint","urlTemplate":"https:\/\/minguella.com\/ca\/?s={search_term_string}"},"query-input":"required name=search_term_string"}],"inLanguage":"ca"},{"@type":"Person","@id":"https:\/\/minguella.com\/ca\/#\/schema\/person\/8975f239fa7ce4038c24796e85dfa60f","name":"Grues Minguella","image":{"@type":"ImageObject","inLanguage":"ca","@id":"https:\/\/minguella.com\/ca\/#\/schema\/person\/image\/","url":"https:\/\/secure.gravatar.com\/avatar\/184634e7312441797f50ddfdbd673131?s=96&d=mm&r=g","contentUrl":"https:\/\/secure.gravatar.com\/avatar\/184634e7312441797f50ddfdbd673131?s=96&d=mm&r=g","caption":"Grues Minguella"},"url":"https:\/\/minguella.com\/ca\/author\/minguella\/"}]}},"_links":{"self":[{"href":"https:\/\/minguella.com\/ca\/wp-json\/wp\/v2\/posts\/5887"}],"collection":[{"href":"https:\/\/minguella.com\/ca\/wp-json\/wp\/v2\/posts"}],"about":[{"href":"https:\/\/minguella.com\/ca\/wp-json\/wp\/v2\/types\/post"}],"author":[{"embeddable":true,"href":"https:\/\/minguella.com\/ca\/wp-json\/wp\/v2\/users\/3"}],"replies":[{"embeddable":true,"href":"https:\/\/minguella.com\/ca\/wp-json\/wp\/v2\/comments?post=5887"}],"version-history":[{"count":0,"href":"https:\/\/minguella.com\/ca\/wp-json\/wp\/v2\/posts\/5887\/revisions"}],"wp:featuredmedia":[{"embeddable":true,"href":"https:\/\/minguella.com\/ca\/wp-json\/wp\/v2\/media\/8386"}],"wp:attachment":[{"href":"https:\/\/minguella.com\/ca\/wp-json\/wp\/v2\/media?parent=5887"}],"wp:term":[{"taxonomy":"category","embeddable":true,"href":"https:\/\/minguella.com\/ca\/wp-json\/wp\/v2\/categories?post=5887"},{"taxonomy":"post_tag","embeddable":true,"href":"https:\/\/minguella.com\/ca\/wp-json\/wp\/v2\/tags?post=5887"}],"curies":[{"name":"wp","href":"https:\/\/api.w.org\/{rel}","templated":true}]}}